{"id":5913,"date":"2023-10-26T14:39:06","date_gmt":"2023-10-26T12:39:06","guid":{"rendered":"https:\/\/lastello.it\/blog\/?p=5913"},"modified":"2023-10-27T13:18:04","modified_gmt":"2023-10-27T11:18:04","slug":"intervista-a-michele-e-federico-maragliulo","status":"publish","type":"post","link":"https:\/\/lastello.it\/blog\/intervista-a-michele-e-federico-maragliulo\/","title":{"rendered":"Intervista a Michele e Federico Maragliulo (Organizzazione Funebre La Romana)"},"content":{"rendered":"<p>Proseguiamo la nostra serie di interviste con alcuni agenti funebri d&#8217;Italia con i fratelli Michele e Federico Maragliulo, titolari dell&#8217;Organizzazione Funebre La Romana.<\/p>\n<h4><strong>Lastello (L): Ciao Michele, parlaci di te e della tua azienda!<\/strong><\/h4>\n<p>Buonasera! Vi ringrazio per lo spazio dedicatoci. Siamo due fratelli di 31 e 34 anni che, dopo un percorso da lavoratori dipendenti, 5 anni fa hanno deciso di confrontarsi con il mercato funebre della Capitale.<\/p>\n<p>Il nostro mestiere \u00e8 per noi una missione e la pi\u00f9 grande dimostrazione di stima dei nostri clienti \u00e8 il riconoscere in noi e nel nostro magnifico team i valori, l\u2019etica e le competenze che ogni giorno proponiamo nella nostra professione.<\/p>\n<p>Senza un\u2019adeguata preparazione tutto questo sarebbe pura utopia: solo cos\u00ec riusciamo a servire con efficienza e professionalit\u00e0 pi\u00f9 di 400 famiglie ogni anno.<\/p>\n<h3><strong>L: Come \u00e8 cambiato il mercato delle onoranze funebri\u00a0 negli ultimi 2 anni secondo la tua esperienza?<\/strong><\/h3>\n<p>A mio avviso il nostro lavoro \u00e8 cambiato in meglio. Percepiamo molta pi\u00f9 trasparenza: un aspetto che negli anni del mercato funebre legato prevalentemente alle tariffe, era considerato quasi un tab\u00f9. Crediamo invece che le famiglie debbano essere poste nelle condizione di avere maggiori elementi informativi e che siano lasciate libere di scegliere la proposta che ritengono pi\u00f9 conveniente.<\/p>\n<p>Purtroppo, ancora oggi nella nostra regione ancora esiste, con il pretesto del &#8220;contrattino&#8221; legato alla gestione di camere mortuarie nelle cliniche, uno sciacallaggio spietato e deplorevole.<\/p>\n<h3><strong>L: Permettici un po\u2019 di auto celebrazione: come ci hai conosciuto?<\/strong><\/h3>\n<p>Vi ho conosciuti perch\u00e9 credo molto nel digitale e\u2026 quindi permettete un filo di autocelebrazione anche al sottoscritto! Conoscevo gi\u00e0 il vostro format e in soli 3 anni non solo siamo riusciti ad avere nella nostra regione il pi\u00f9 alto numero di recensioni, ma anche le migliori (4.9 su 5).<\/p>\n<p>Le vostre potenzialit\u00e0, a mio avviso, sono enormi. Vedo un margine incredibile di crescita per Lastello!<\/p>\n<h3><strong>L: In che modo Lastello \u00e8 utile per la tua attivit\u00e0?<\/strong><\/h3>\n<p>Lastello \u00e8 utile per la nostra visibilit\u00e0, ma non solo: ci semplifica la conoscenza del nuovo cliente che ci contatta, che \u00e8 gi\u00e0 orientato verso un determinato tipo di servizio (dal basic al lusso).<\/p>\n<p>In apparenza questa segmentazione potrebbe essere di poco conto, ma in realt\u00e0 per un&#8217;impresa funebre vuol dire molto, visto che il tempo per seguire in maniera professionale le famiglie \u00e8 sempre pi\u00f9 ristretto.<\/p>\n<h3><strong>L: Cosa potrebbe fare Lastello per supportare la tua azienda e l\u2019intero settore nel futuro?<\/strong><\/h3>\n<p>Lastello deve continuare cos\u00ec: stare al passo con i tempi ma mantenendo i valori di una volta. Dietro questa &#8220;macchina perfetta&#8221; ci sono infatti degli operatori, uomini estremamente educati e sensibili nei confronti di tutti. Vi auguro di crescere insieme alle persone che lavorano ogni giorno per voi!<\/p>\n<p><em><strong>Michele e Federico Maragliulo,soci fondatori di ORGANIZZAZIONE FUNEBRE LA ROMANA<\/strong><\/em><\/p>\n","protected":false},"excerpt":{"rendered":"<p>Proseguiamo la nostra serie di interviste con alcuni agenti funebri d&#8217;Italia con i fratelli Michele e Federico Maragliulo, titolari dell&#8217;Organizzazione Funebre La Romana. Lastello (L): Ciao Michele, parlaci di te e della tua azienda! Buonasera! Vi ringrazio per lo spazio dedicatoci. Siamo due fratelli di 31 e 34 anni che, dopo un percorso da lavoratori [&hellip;]<\/p>\n","protected":false},"author":4,"featured_media":5917,"comment_status":"open","ping_status":"open","sticky":false,"template":"","format":"standard","meta":{"site-sidebar-layout":"default","site-content-layout":"","ast-site-content-layout":"default","site-content-style":"default","site-sidebar-style":"default","ast-global-header-display":"","ast-banner-title-visibility":"","ast-main-header-display":"","ast-hfb-above-header-display":"","ast-hfb-below-header-display":"","ast-hfb-mobile-header-display":"","site-post-title":"","ast-breadcrumbs-content":"","ast-featured-img":"","footer-sml-layout":"","theme-transparent-header-meta":"default","adv-header-id-meta":"","stick-header-meta":"default","header-above-stick-meta":"","header-main-stick-meta":"","header-below-stick-meta":"","astra-migrate-meta-layouts":"set","ast-page-background-enabled":"default","ast-page-background-meta":{"desktop":{"background-color":"var(--ast-global-color-4)","background-image":"","background-repeat":"repeat","background-position":"center center","background-size":"auto","background-attachment":"scroll","background-type":"","background-media":"","overlay-type":"","overlay-color":"","overlay-opacity":"","overlay-gradient":""},"tablet":{"background-color":"","background-image":"","background-repeat":"repeat","background-position":"center center","background-size":"auto","background-attachment":"scroll","background-type":"","background-media":"","overlay-type":"","overlay-color":"","overlay-opacity":"","overlay-gradient":""},"mobile":{"background-color":"","background-image":"","background-repeat":"repeat","background-position":"center center","background-size":"auto","background-attachment":"scroll","background-type":"","background-media":"","overlay-type":"","overlay-color":"","overlay-opacity":"","overlay-gradient":""}},"ast-content-background-meta":{"desktop":{"background-color":"var(--ast-global-color-5)","background-image":"","background-repeat":"repeat","background-position":"center center","background-size":"auto","background-attachment":"scroll","background-type":"","background-media":"","overlay-type":"","overlay-color":"","overlay-opacity":"","overlay-gradient":""},"tablet":{"background-color":"var(--ast-global-color-5)","background-image":"","background-repeat":"repeat","background-position":"center center","background-size":"auto","background-attachment":"scroll","background-type":"","background-media":"","overlay-type":"","overlay-color":"","overlay-opacity":"","overlay-gradient":""},"mobile":{"background-color":"var(--ast-global-color-5)","background-image":"","background-repeat":"repeat","background-position":"center center","background-size":"auto","background-attachment":"scroll","background-type":"","background-media":"","overlay-type":"","overlay-color":"","overlay-opacity":"","overlay-gradient":""}},"footnotes":""},"categories":[170],"tags":[],"_links":{"self":[{"href":"https:\/\/lastello.it\/blog\/wp-json\/wp\/v2\/posts\/5913"}],"collection":[{"href":"https:\/\/lastello.it\/blog\/wp-json\/wp\/v2\/posts"}],"about":[{"href":"https:\/\/lastello.it\/blog\/wp-json\/wp\/v2\/types\/post"}],"author":[{"embeddable":true,"href":"https:\/\/lastello.it\/blog\/wp-json\/wp\/v2\/users\/4"}],"replies":[{"embeddable":true,"href":"https:\/\/lastello.it\/blog\/wp-json\/wp\/v2\/comments?post=5913"}],"version-history":[{"count":1,"href":"https:\/\/lastello.it\/blog\/wp-json\/wp\/v2\/posts\/5913\/revisions"}],"predecessor-version":[{"id":5915,"href":"https:\/\/lastello.it\/blog\/wp-json\/wp\/v2\/posts\/5913\/revisions\/5915"}],"wp:featuredmedia":[{"embeddable":true,"href":"https:\/\/lastello.it\/blog\/wp-json\/wp\/v2\/media\/5917"}],"wp:attachment":[{"href":"https:\/\/lastello.it\/blog\/wp-json\/wp\/v2\/media?parent=5913"}],"wp:term":[{"taxonomy":"category","embeddable":true,"href":"https:\/\/lastello.it\/blog\/wp-json\/wp\/v2\/categories?post=5913"},{"taxonomy":"post_tag","embeddable":true,"href":"https:\/\/lastello.it\/blog\/wp-json\/wp\/v2\/tags?post=5913"}],"curies":[{"name":"wp","href":"https:\/\/api.w.org\/{rel}","templated":true}]}}